{"id":1270,"date":"2023-12-01T16:20:00","date_gmt":"2023-12-01T15:20:00","guid":{"rendered":"https:\/\/bodard.eu\/?p=1270"},"modified":"2024-05-03T13:34:44","modified_gmt":"2024-05-03T11:34:44","slug":"yves-jacquet-ouvre-les-portes-de-son-atelier","status":"publish","type":"post","link":"https:\/\/bodard.eu\/index.php\/2023\/12\/01\/yves-jacquet-ouvre-les-portes-de-son-atelier\/","title":{"rendered":"Yves Jacquet ouvre les portes de son atelier"},"content":{"rendered":"\n<p class=\"has-black-color has-text-color has-link-color wp-elements-c453b9939a09912256b540b3aa3efcc8\">Saviez-vous que l&#8217;h\u00f4tel Bodard accueille l&#8217;atelier d&#8217;un artiste peintre ? Durant ces f\u00eates de fin d&#8217;ann\u00e9e, vous avez l&#8217;occasion de venir \u00e0 la rencontre de <a href=\"https:\/\/www.yvesjaquet-art.com\/\" data-type=\"link\" data-id=\"https:\/\/www.yvesjaquet-art.com\/\">Yves Jacquet<\/a> dans son atelier situ\u00e9 dans la cour et ainsi d\u00e9couvrir ses cr\u00e9ations.<\/p>\n\n\n\n<figure class=\"wp-block-image size-full\"><img loading=\"lazy\" decoding=\"async\" width=\"847\" height=\"848\" data-attachment-id=\"1271\" data-permalink=\"https:\/\/bodard.eu\/index.php\/2023\/12\/01\/yves-jacquet-ouvre-les-portes-de-son-atelier\/capture-decran-2024-04-30-161523\/\" data-orig-file=\"https:\/\/bodard.eu\/wp-content\/uploads\/2024\/04\/Capture-decran-2024-04-30-161523.png\" data-orig-size=\"847,848\" data-comments-opened=\"0\" data-image-meta=\"{&quot;aperture&quot;:&quot;0&quot;,&quot;credit&quot;:&quot;&quot;,&quot;camera&quot;:&quot;&quot;,&quot;caption&quot;:&quot;&quot;,&quot;created_timestamp&quot;:&quot;0&quot;,&quot;copyright&quot;:&quot;&quot;,&quot;focal_length&quot;:&quot;0&quot;,&quot;iso&quot;:&quot;0&quot;,&quot;shutter_speed&quot;:&quot;0&quot;,&quot;title&quot;:&quot;&quot;,&quot;orientation&quot;:&quot;0&quot;}\" data-image-title=\"Capture-decran-2024-04-30-161523\" data-image-description=\"\" data-image-caption=\"\" data-large-file=\"https:\/\/bodard.eu\/wp-content\/uploads\/2024\/04\/Capture-decran-2024-04-30-161523.png\" src=\"https:\/\/bodard.eu\/wp-content\/uploads\/2024\/04\/Capture-decran-2024-04-30-161523.png\" alt=\"\" class=\"wp-image-1271\" srcset=\"https:\/\/bodard.eu\/wp-content\/uploads\/2024\/04\/Capture-decran-2024-04-30-161523.png 847w, https:\/\/bodard.eu\/wp-content\/uploads\/2024\/04\/Capture-decran-2024-04-30-161523-300x300.png 300w, https:\/\/bodard.eu\/wp-content\/uploads\/2024\/04\/Capture-decran-2024-04-30-161523-150x150.png 150w, https:\/\/bodard.eu\/wp-content\/uploads\/2024\/04\/Capture-decran-2024-04-30-161523-768x769.png 768w, https:\/\/bodard.eu\/wp-content\/uploads\/2024\/04\/Capture-decran-2024-04-30-161523-116x116.png 116w, https:\/\/bodard.eu\/wp-content\/uploads\/2024\/04\/Capture-decran-2024-04-30-161523-50x50.png 50w\" sizes=\"auto, (max-width: 847px) 100vw, 847px\" \/><\/figure>\n","protected":false},"excerpt":{"rendered":"<p>Saviez-vous que l&#8217;h\u00f4tel Bodard accueille l&#8217;atelier d&#8217;un artiste peintre ? Durant ces f\u00eates de fin d&#8217;ann\u00e9e, vous avez l&#8217;occasion de &hellip; <a href=\"https:\/\/bodard.eu\/index.php\/2023\/12\/01\/yves-jacquet-ouvre-les-portes-de-son-atelier\/\" class=\"more-link\">Continue reading <span class=\"screen-reader-text\">Yves Jacquet ouvre les portes de son atelier<\/span><\/a><\/p>\n","protected":false},"author":1,"featured_media":965,"comment_status":"closed","ping_status":"closed","sticky":false,"template":"","format":"standard","meta":{"_jetpack_memberships_contains_paid_content":false,"footnotes":""},"categories":[36],"tags":[],"class_list":["post-1270","post","type-post","status-publish","format-standard","has-post-thumbnail","hentry","category-exposition"],"jetpack_featured_media_url":"https:\/\/bodard.eu\/wp-content\/uploads\/2023\/04\/AffichesFormations5-scaled.jpg","jetpack_sharing_enabled":true,"_links":{"self":[{"href":"https:\/\/bodard.eu\/index.php\/wp-json\/wp\/v2\/posts\/1270","targetHints":{"allow":["GET"]}}],"collection":[{"href":"https:\/\/bodard.eu\/index.php\/wp-json\/wp\/v2\/posts"}],"about":[{"href":"https:\/\/bodard.eu\/index.php\/wp-json\/wp\/v2\/types\/post"}],"author":[{"embeddable":true,"href":"https:\/\/bodard.eu\/index.php\/wp-json\/wp\/v2\/users\/1"}],"replies":[{"embeddable":true,"href":"https:\/\/bodard.eu\/index.php\/wp-json\/wp\/v2\/comments?post=1270"}],"version-history":[{"count":2,"href":"https:\/\/bodard.eu\/index.php\/wp-json\/wp\/v2\/posts\/1270\/revisions"}],"predecessor-version":[{"id":1322,"href":"https:\/\/bodard.eu\/index.php\/wp-json\/wp\/v2\/posts\/1270\/revisions\/1322"}],"wp:featuredmedia":[{"embeddable":true,"href":"https:\/\/bodard.eu\/index.php\/wp-json\/wp\/v2\/media\/965"}],"wp:attachment":[{"href":"https:\/\/bodard.eu\/index.php\/wp-json\/wp\/v2\/media?parent=1270"}],"wp:term":[{"taxonomy":"category","embeddable":true,"href":"https:\/\/bodard.eu\/index.php\/wp-json\/wp\/v2\/categories?post=1270"},{"taxonomy":"post_tag","embeddable":true,"href":"https:\/\/bodard.eu\/index.php\/wp-json\/wp\/v2\/tags?post=1270"}],"curies":[{"name":"wp","href":"https:\/\/api.w.org\/{rel}","templated":true}]}}