{"id":1038,"date":"2023-06-14T17:02:00","date_gmt":"2023-06-14T15:02:00","guid":{"rendered":"https:\/\/bodard.eu\/?p=1038"},"modified":"2023-06-17T18:09:42","modified_gmt":"2023-06-17T16:09:42","slug":"14-06-2023-chantier","status":"publish","type":"post","link":"https:\/\/bodard.eu\/index.php\/2023\/06\/14\/14-06-2023-chantier\/","title":{"rendered":"Le d\u00e9cor de faux marbre retrouv\u00e9"},"content":{"rendered":"\n<p class=\"has-text-align-justify\"><mark style=\"background-color:rgba(0, 0, 0, 0)\" class=\"has-inline-color has-black-color\">Le <a rel=\"noreferrer noopener\" href=\"https:\/\/www.murodellarte.com\/\" data-type=\"URL\" data-id=\"https:\/\/www.murodellarte.com\/\" target=\"_blank\">conservatoire Muro dell&#8217;Arte<\/a> a minutieusement retir\u00e9 la couche de peinture noire qui recouvrait cette splendide chemin\u00e9e en pierre du XVIIIe si\u00e8cle \u00e0 d\u00e9cor de faux marbre situ\u00e9e au premier \u00e9tage de l&#8217;aile Est. Apr\u00e8s nettoyage et r\u00e9int\u00e9gration des lacunes, la polychromie a retrouv\u00e9 toute sa superbe.<\/mark><\/p>\n\n\n\n<figure class=\"wp-block-image size-full\"><img loading=\"lazy\" decoding=\"async\" width=\"849\" height=\"849\" data-attachment-id=\"996\" data-permalink=\"https:\/\/bodard.eu\/index.php\/2022\/03\/25\/25-03-2022-conference\/capture-decran-2023-06-15-091523\/\" data-orig-file=\"https:\/\/bodard.eu\/wp-content\/uploads\/2023\/06\/Capture-decran-2023-06-15-091523.png\" data-orig-size=\"849,849\" data-comments-opened=\"1\" data-image-meta=\"{&quot;aperture&quot;:&quot;0&quot;,&quot;credit&quot;:&quot;&quot;,&quot;camera&quot;:&quot;&quot;,&quot;caption&quot;:&quot;&quot;,&quot;created_timestamp&quot;:&quot;0&quot;,&quot;copyright&quot;:&quot;&quot;,&quot;focal_length&quot;:&quot;0&quot;,&quot;iso&quot;:&quot;0&quot;,&quot;shutter_speed&quot;:&quot;0&quot;,&quot;title&quot;:&quot;&quot;,&quot;orientation&quot;:&quot;0&quot;}\" data-image-title=\"Capture d&amp;#8217;\u00e9cran 2023-06-15 091523\" data-image-description=\"\" data-image-caption=\"\" data-large-file=\"https:\/\/bodard.eu\/wp-content\/uploads\/2023\/06\/Capture-decran-2023-06-15-091523.png\" src=\"https:\/\/bodard.eu\/wp-content\/uploads\/2023\/06\/Capture-decran-2023-06-15-091523.png\" alt=\"\" class=\"wp-image-996\" srcset=\"https:\/\/bodard.eu\/wp-content\/uploads\/2023\/06\/Capture-decran-2023-06-15-091523.png 849w, https:\/\/bodard.eu\/wp-content\/uploads\/2023\/06\/Capture-decran-2023-06-15-091523-300x300.png 300w, https:\/\/bodard.eu\/wp-content\/uploads\/2023\/06\/Capture-decran-2023-06-15-091523-150x150.png 150w, https:\/\/bodard.eu\/wp-content\/uploads\/2023\/06\/Capture-decran-2023-06-15-091523-768x768.png 768w, https:\/\/bodard.eu\/wp-content\/uploads\/2023\/06\/Capture-decran-2023-06-15-091523-116x116.png 116w, https:\/\/bodard.eu\/wp-content\/uploads\/2023\/06\/Capture-decran-2023-06-15-091523-50x50.png 50w\" sizes=\"auto, (max-width: 849px) 100vw, 849px\" \/><\/figure>\n","protected":false},"excerpt":{"rendered":"<p>Le conservatoire Muro dell&#8217;Arte a minutieusement retir\u00e9 la couche de peinture noire qui recouvrait cette splendide chemin\u00e9e en pierre du &hellip; <a href=\"https:\/\/bodard.eu\/index.php\/2023\/06\/14\/14-06-2023-chantier\/\" class=\"more-link\">Continue reading <span class=\"screen-reader-text\">Le d\u00e9cor de faux marbre retrouv\u00e9<\/span><\/a><\/p>\n","protected":false},"author":1,"featured_media":965,"comment_status":"closed","ping_status":"open","sticky":false,"template":"","format":"standard","meta":{"_jetpack_memberships_contains_paid_content":false,"footnotes":""},"categories":[26],"tags":[],"class_list":["post-1038","post","type-post","status-publish","format-standard","has-post-thumbnail","hentry","category-chantier-de-restauration"],"jetpack_featured_media_url":"https:\/\/bodard.eu\/wp-content\/uploads\/2023\/04\/AffichesFormations5-scaled.jpg","jetpack_sharing_enabled":true,"_links":{"self":[{"href":"https:\/\/bodard.eu\/index.php\/wp-json\/wp\/v2\/posts\/1038","targetHints":{"allow":["GET"]}}],"collection":[{"href":"https:\/\/bodard.eu\/index.php\/wp-json\/wp\/v2\/posts"}],"about":[{"href":"https:\/\/bodard.eu\/index.php\/wp-json\/wp\/v2\/types\/post"}],"author":[{"embeddable":true,"href":"https:\/\/bodard.eu\/index.php\/wp-json\/wp\/v2\/users\/1"}],"replies":[{"embeddable":true,"href":"https:\/\/bodard.eu\/index.php\/wp-json\/wp\/v2\/comments?post=1038"}],"version-history":[{"count":2,"href":"https:\/\/bodard.eu\/index.php\/wp-json\/wp\/v2\/posts\/1038\/revisions"}],"predecessor-version":[{"id":1064,"href":"https:\/\/bodard.eu\/index.php\/wp-json\/wp\/v2\/posts\/1038\/revisions\/1064"}],"wp:featuredmedia":[{"embeddable":true,"href":"https:\/\/bodard.eu\/index.php\/wp-json\/wp\/v2\/media\/965"}],"wp:attachment":[{"href":"https:\/\/bodard.eu\/index.php\/wp-json\/wp\/v2\/media?parent=1038"}],"wp:term":[{"taxonomy":"category","embeddable":true,"href":"https:\/\/bodard.eu\/index.php\/wp-json\/wp\/v2\/categories?post=1038"},{"taxonomy":"post_tag","embeddable":true,"href":"https:\/\/bodard.eu\/index.php\/wp-json\/wp\/v2\/tags?post=1038"}],"curies":[{"name":"wp","href":"https:\/\/api.w.org\/{rel}","templated":true}]}}