{"id":1013,"date":"2022-11-03T16:28:00","date_gmt":"2022-11-03T15:28:00","guid":{"rendered":"https:\/\/bodard.eu\/?p=1013"},"modified":"2023-06-17T18:06:17","modified_gmt":"2023-06-17T16:06:17","slug":"03-11-2022-conference","status":"publish","type":"post","link":"https:\/\/bodard.eu\/index.php\/2022\/11\/03\/03-11-2022-conference\/","title":{"rendered":"Caf\u00e9 histoire"},"content":{"rendered":"\n<p class=\"has-text-align-justify\"><mark style=\"background-color:rgba(0, 0, 0, 0)\" class=\"has-inline-color has-black-color\">Dans le cadre du festival <em><a rel=\"noreferrer noopener\" href=\"https:\/\/www.lesnourritureselementaires.fr\/\" data-type=\"URL\" data-id=\"https:\/\/www.lesnourritureselementaires.fr\/\" target=\"_blank\">les nourritures \u00e9l\u00e9mentaires<\/a><\/em> la grande salle de l&#8217;h\u00f4tel Bodard de la Jacopi\u00e8re accueille le Caf\u00e9 Histoire avec Fran\u00e7ois Barr\u00e9 des rendez-vous de l&#8217;histoire de Blois. Invit\u00e9e : Marie Duret Pujol. D\u00e9gustation de vin de Chinon en fin de conf\u00e9rence.<\/mark><\/p>\n\n\n\n<figure class=\"wp-block-image size-full\"><img loading=\"lazy\" decoding=\"async\" width=\"848\" height=\"851\" data-attachment-id=\"1011\" data-permalink=\"https:\/\/bodard.eu\/index.php\/2022\/06\/03\/03-06-2022-conference\/capture-decran-2023-06-17-161829\/\" data-orig-file=\"https:\/\/bodard.eu\/wp-content\/uploads\/2023\/06\/Capture-decran-2023-06-17-161829.png\" data-orig-size=\"848,851\" data-comments-opened=\"0\" data-image-meta=\"{&quot;aperture&quot;:&quot;0&quot;,&quot;credit&quot;:&quot;&quot;,&quot;camera&quot;:&quot;&quot;,&quot;caption&quot;:&quot;&quot;,&quot;created_timestamp&quot;:&quot;0&quot;,&quot;copyright&quot;:&quot;&quot;,&quot;focal_length&quot;:&quot;0&quot;,&quot;iso&quot;:&quot;0&quot;,&quot;shutter_speed&quot;:&quot;0&quot;,&quot;title&quot;:&quot;&quot;,&quot;orientation&quot;:&quot;0&quot;}\" data-image-title=\"Capture d&amp;#8217;\u00e9cran 2023-06-17 161829\" data-image-description=\"\" data-image-caption=\"\" data-large-file=\"https:\/\/bodard.eu\/wp-content\/uploads\/2023\/06\/Capture-decran-2023-06-17-161829.png\" src=\"https:\/\/bodard.eu\/wp-content\/uploads\/2023\/06\/Capture-decran-2023-06-17-161829.png\" alt=\"\" class=\"wp-image-1011\" srcset=\"https:\/\/bodard.eu\/wp-content\/uploads\/2023\/06\/Capture-decran-2023-06-17-161829.png 848w, https:\/\/bodard.eu\/wp-content\/uploads\/2023\/06\/Capture-decran-2023-06-17-161829-300x300.png 300w, https:\/\/bodard.eu\/wp-content\/uploads\/2023\/06\/Capture-decran-2023-06-17-161829-150x150.png 150w, https:\/\/bodard.eu\/wp-content\/uploads\/2023\/06\/Capture-decran-2023-06-17-161829-768x771.png 768w, https:\/\/bodard.eu\/wp-content\/uploads\/2023\/06\/Capture-decran-2023-06-17-161829-116x116.png 116w, https:\/\/bodard.eu\/wp-content\/uploads\/2023\/06\/Capture-decran-2023-06-17-161829-50x50.png 50w\" sizes=\"auto, (max-width: 848px) 100vw, 848px\" \/><\/figure>\n","protected":false},"excerpt":{"rendered":"<p>Dans le cadre du festival les nourritures \u00e9l\u00e9mentaires la grande salle de l&#8217;h\u00f4tel Bodard de la Jacopi\u00e8re accueille le Caf\u00e9 &hellip; <a href=\"https:\/\/bodard.eu\/index.php\/2022\/11\/03\/03-11-2022-conference\/\" class=\"more-link\">Continue reading <span class=\"screen-reader-text\">Caf\u00e9 histoire<\/span><\/a><\/p>\n","protected":false},"author":1,"featured_media":965,"comment_status":"closed","ping_status":"closed","sticky":false,"template":"","format":"standard","meta":{"_jetpack_memberships_contains_paid_content":false,"footnotes":""},"categories":[24],"tags":[],"class_list":["post-1013","post","type-post","status-publish","format-standard","has-post-thumbnail","hentry","category-conferences"],"jetpack_featured_media_url":"https:\/\/bodard.eu\/wp-content\/uploads\/2023\/04\/AffichesFormations5-scaled.jpg","jetpack_sharing_enabled":true,"_links":{"self":[{"href":"https:\/\/bodard.eu\/index.php\/wp-json\/wp\/v2\/posts\/1013","targetHints":{"allow":["GET"]}}],"collection":[{"href":"https:\/\/bodard.eu\/index.php\/wp-json\/wp\/v2\/posts"}],"about":[{"href":"https:\/\/bodard.eu\/index.php\/wp-json\/wp\/v2\/types\/post"}],"author":[{"embeddable":true,"href":"https:\/\/bodard.eu\/index.php\/wp-json\/wp\/v2\/users\/1"}],"replies":[{"embeddable":true,"href":"https:\/\/bodard.eu\/index.php\/wp-json\/wp\/v2\/comments?post=1013"}],"version-history":[{"count":3,"href":"https:\/\/bodard.eu\/index.php\/wp-json\/wp\/v2\/posts\/1013\/revisions"}],"predecessor-version":[{"id":1060,"href":"https:\/\/bodard.eu\/index.php\/wp-json\/wp\/v2\/posts\/1013\/revisions\/1060"}],"wp:featuredmedia":[{"embeddable":true,"href":"https:\/\/bodard.eu\/index.php\/wp-json\/wp\/v2\/media\/965"}],"wp:attachment":[{"href":"https:\/\/bodard.eu\/index.php\/wp-json\/wp\/v2\/media?parent=1013"}],"wp:term":[{"taxonomy":"category","embeddable":true,"href":"https:\/\/bodard.eu\/index.php\/wp-json\/wp\/v2\/categories?post=1013"},{"taxonomy":"post_tag","embeddable":true,"href":"https:\/\/bodard.eu\/index.php\/wp-json\/wp\/v2\/tags?post=1013"}],"curies":[{"name":"wp","href":"https:\/\/api.w.org\/{rel}","templated":true}]}}