{"id":1009,"date":"2022-06-03T16:23:00","date_gmt":"2022-06-03T14:23:00","guid":{"rendered":"https:\/\/bodard.eu\/?p=1009"},"modified":"2023-06-17T18:05:42","modified_gmt":"2023-06-17T16:05:42","slug":"03-06-2022-conference","status":"publish","type":"post","link":"https:\/\/bodard.eu\/index.php\/2022\/06\/03\/03-06-2022-conference\/","title":{"rendered":"Les jardins du moyen-\u00e2ge \u00e0 nos jours"},"content":{"rendered":"\n<p class=\"has-text-align-justify\"><mark style=\"background-color:rgba(0, 0, 0, 0)\" class=\"has-inline-color has-black-color\">Conf\u00e9rence sur les jardins du moyen-\u00e2ge \u00e0 nos jours par Arnauld Delacroix, architecte-paysagiste de <a rel=\"noreferrer noopener\" href=\"https:\/\/agencetalpa.com\/\" data-type=\"URL\" data-id=\"https:\/\/agencetalpa.com\/\" target=\"_blank\">l&#8217;agence TALPA<\/a> . Animation musicale par Fred Chauvin et Jean-Pierre Dulin. Pot de l\u2019amiti\u00e9 et ap\u00e9ritif en fin de conf\u00e9rence.<\/mark><\/p>\n\n\n\n<figure class=\"wp-block-image size-full\"><img loading=\"lazy\" decoding=\"async\" width=\"847\" height=\"843\" data-attachment-id=\"1010\" data-permalink=\"https:\/\/bodard.eu\/index.php\/2022\/06\/03\/03-06-2022-conference\/capture-decran-2023-06-17-161810\/\" data-orig-file=\"https:\/\/bodard.eu\/wp-content\/uploads\/2023\/06\/Capture-decran-2023-06-17-161810.png\" data-orig-size=\"847,843\" data-comments-opened=\"0\" data-image-meta=\"{&quot;aperture&quot;:&quot;0&quot;,&quot;credit&quot;:&quot;&quot;,&quot;camera&quot;:&quot;&quot;,&quot;caption&quot;:&quot;&quot;,&quot;created_timestamp&quot;:&quot;0&quot;,&quot;copyright&quot;:&quot;&quot;,&quot;focal_length&quot;:&quot;0&quot;,&quot;iso&quot;:&quot;0&quot;,&quot;shutter_speed&quot;:&quot;0&quot;,&quot;title&quot;:&quot;&quot;,&quot;orientation&quot;:&quot;0&quot;}\" data-image-title=\"Conference 03 juin 2022\" data-image-description=\"\" data-image-caption=\"\" data-large-file=\"https:\/\/bodard.eu\/wp-content\/uploads\/2023\/06\/Capture-decran-2023-06-17-161810.png\" src=\"https:\/\/bodard.eu\/wp-content\/uploads\/2023\/06\/Capture-decran-2023-06-17-161810.png\" alt=\"\" class=\"wp-image-1010\" srcset=\"https:\/\/bodard.eu\/wp-content\/uploads\/2023\/06\/Capture-decran-2023-06-17-161810.png 847w, https:\/\/bodard.eu\/wp-content\/uploads\/2023\/06\/Capture-decran-2023-06-17-161810-300x300.png 300w, https:\/\/bodard.eu\/wp-content\/uploads\/2023\/06\/Capture-decran-2023-06-17-161810-150x150.png 150w, https:\/\/bodard.eu\/wp-content\/uploads\/2023\/06\/Capture-decran-2023-06-17-161810-768x764.png 768w, https:\/\/bodard.eu\/wp-content\/uploads\/2023\/06\/Capture-decran-2023-06-17-161810-117x116.png 117w, https:\/\/bodard.eu\/wp-content\/uploads\/2023\/06\/Capture-decran-2023-06-17-161810-50x50.png 50w\" sizes=\"auto, (max-width: 847px) 100vw, 847px\" \/><\/figure>\n","protected":false},"excerpt":{"rendered":"<p>Conf\u00e9rence sur les jardins du moyen-\u00e2ge \u00e0 nos jours par Arnauld Delacroix, architecte-paysagiste de l&#8217;agence TALPA . Animation musicale par &hellip; <a href=\"https:\/\/bodard.eu\/index.php\/2022\/06\/03\/03-06-2022-conference\/\" class=\"more-link\">Continue reading <span class=\"screen-reader-text\">Les jardins du moyen-\u00e2ge \u00e0 nos jours<\/span><\/a><\/p>\n","protected":false},"author":1,"featured_media":965,"comment_status":"closed","ping_status":"closed","sticky":false,"template":"","format":"standard","meta":{"_jetpack_memberships_contains_paid_content":false,"footnotes":""},"categories":[24],"tags":[],"class_list":["post-1009","post","type-post","status-publish","format-standard","has-post-thumbnail","hentry","category-conferences"],"jetpack_featured_media_url":"https:\/\/bodard.eu\/wp-content\/uploads\/2023\/04\/AffichesFormations5-scaled.jpg","jetpack_sharing_enabled":true,"_links":{"self":[{"href":"https:\/\/bodard.eu\/index.php\/wp-json\/wp\/v2\/posts\/1009","targetHints":{"allow":["GET"]}}],"collection":[{"href":"https:\/\/bodard.eu\/index.php\/wp-json\/wp\/v2\/posts"}],"about":[{"href":"https:\/\/bodard.eu\/index.php\/wp-json\/wp\/v2\/types\/post"}],"author":[{"embeddable":true,"href":"https:\/\/bodard.eu\/index.php\/wp-json\/wp\/v2\/users\/1"}],"replies":[{"embeddable":true,"href":"https:\/\/bodard.eu\/index.php\/wp-json\/wp\/v2\/comments?post=1009"}],"version-history":[{"count":4,"href":"https:\/\/bodard.eu\/index.php\/wp-json\/wp\/v2\/posts\/1009\/revisions"}],"predecessor-version":[{"id":1059,"href":"https:\/\/bodard.eu\/index.php\/wp-json\/wp\/v2\/posts\/1009\/revisions\/1059"}],"wp:featuredmedia":[{"embeddable":true,"href":"https:\/\/bodard.eu\/index.php\/wp-json\/wp\/v2\/media\/965"}],"wp:attachment":[{"href":"https:\/\/bodard.eu\/index.php\/wp-json\/wp\/v2\/media?parent=1009"}],"wp:term":[{"taxonomy":"category","embeddable":true,"href":"https:\/\/bodard.eu\/index.php\/wp-json\/wp\/v2\/categories?post=1009"},{"taxonomy":"post_tag","embeddable":true,"href":"https:\/\/bodard.eu\/index.php\/wp-json\/wp\/v2\/tags?post=1009"}],"curies":[{"name":"wp","href":"https:\/\/api.w.org\/{rel}","templated":true}]}}